{"id":8196,"date":"2025-10-03T05:20:15","date_gmt":"2025-10-03T12:20:15","guid":{"rendered":"https:\/\/recyclemachine.net\/?p=8196"},"modified":"2026-04-07T17:42:16","modified_gmt":"2026-04-08T00:42:16","slug":"ab-plastik-atik-ihracat-yasaginin-zorluklari-ve-geri-donusum-endustrisine-etkileri","status":"publish","type":"post","link":"https:\/\/www.recyclemachine.net\/tr\/ab-plastik-atik-ihracat-yasaginin-zorluklari-ve-geri-donusum-endustrisine-etkileri\/","title":{"rendered":"AB Plastik At\u0131k \u0130hracat Yasa\u011f\u0131: Geri D\u00f6n\u00fc\u015f\u00fcm Sekt\u00f6r\u00fcne Y\u00f6nelik Zorluklar ve Etkileri"},"content":{"rendered":"<style>\n.rumtoo-article-container {\n    line-height: 1.7;\n    \n    \n}\n.rumtoo-article-container h1, .rumtoo-article-container h2, .rumtoo-article-container h3 {\n    \n    line-height: 1.3;\n    margin-top: 1.5em;\n    margin-bottom: 0.8em;\n}\n.rumtoo-article-container h1 {\n    \n    border-bottom: 3px solid #62ab66;\n    padding-bottom: 0.3em;\n}\n.rumtoo-article-container h2 {\n    \n    \n}\n.rumtoo-article-container h3 {\n    \n    border-left: 4px solid #62ab66;\n    padding-left: 0.5em;\n}\n.rumtoo-article-container p {\n    margin-bottom: 1em;\n}\n.rumtoo-article-container a {\n    \n    text-decoration: none;\n    font-weight: bold;\n}\n.rumtoo-article-container a:hover {\n    text-decoration: underline;\n}\n.rumtoo-article-container strong {\n    \n}\n.rumtoo-article-container ul {\n    list-style-type: disc;\n    padding-left: 20px;\n    margin-bottom: 1em;\n}\n.rumtoo-article-container li {\n    margin-bottom: 0.5em;\n}\n\n\/* Two-column layout for Pros\/Cons *\/\n.pros-cons-grid {\n    display: grid;\n    grid-template-columns: 1fr 1fr;\n    gap: 20px;\n    margin: 2em 0;\n    padding: 0;\n}\n.pros-cons-grid > div {\n    padding: 20px;\n    border-radius: 8px;\n}\n.pros-column {\n    \n    border-left: 5px solid #28a745;\n}\n.cons-column {\n    \n    border-left: 5px solid #dc3545;\n}\n.pros-cons-grid h3 {\n    margin-top: 0;\n    border-left: none;\n    padding-left: 0;\n    \n}\n.pros-column h3 {  }\n.cons-column h3 {  }\n\n\/* Equipment Card *\/\n.equipment-card {border-radius: 8px;\n    padding: 25px;\n    margin: 2em 0;\n    text-align: center;\n    box-shadow: 0 4px 8px rgba(0,0,0,0.05);background:#f5f5f7;}\n.equipment-card h2 {\n    margin-top: 0;\n}\n.equipment-card p {\n    \n    max-width: 800px;\n    margin-left: auto;\n    margin-right: auto;\n}\n.equipment-card .cta-button {\n    display: inline-block;\n    background-color: #62ab66;\n    \n    padding: 12px 25px;\n    border-radius: 5px;\n    \n    font-weight: bold;\n    text-transform: uppercase;\n    margin-top: 15px;\n    transition: background-color 0.3s ease;\n}\n.equipment-card .cta-button:hover {\n    background-color: #529455;\n    text-decoration: none;\n}\n\n\/* Decision Guide Box *\/\n.decision-guide-box {\n    background-color: #eaf6eb;\n    border: 2px solid #62ab66;\n    border-radius: 8px;\n    padding: 25px;\n    margin: 2em 0;\n}\n.decision-guide-box h3 {\n    margin-top: 0;\n    \n}\n.decision-guide-box ol {\n    padding-left: 25px;\n    \n}\n\n\/* FAQ Section *\/\n.faq-section {\n    margin-top: 2em;\n}\n.faq-item {\n    margin-bottom: 1.5em;\n    border-bottom: 1px solid #e0e0e0;\n    padding-bottom: 1em;\n}\n.faq-item:last-child {\n    border-bottom: none;\n}\n.faq-question {\n    font-weight: bold;\n    color: #2c3e50;\n    font-size: 1.2em;\n}\n.faq-answer {\n    margin-top: 0.5em;\n}\n<\/style>\n<div class=\"rumtoo-article-container\">\n<h1>Plastik Geri D\u00f6n\u00fc\u015f\u00fcm Makinesi: AB At\u0131k \u0130hracat Yasa\u011f\u0131n\u0131n Stratejik \u00c7\u00f6z\u00fcm\u00fc<\/h1>\n<p>A <strong>plastik geri d\u00f6n\u00fc\u015f\u00fcm makinas\u0131<\/strong> H\u0131zla, bir de\u011fer katma yat\u0131r\u0131mdan Avrupa ve \u00f6tesindeki i\u015fletmeler i\u00e7in temel bir altyap\u0131 par\u00e7as\u0131na d\u00f6n\u00fc\u015f\u00fcyor. Avrupa Birli\u011fi'nin yeni, daha kat\u0131 plastik at\u0131k ihracat\u0131 d\u00fczenlemeleri \u015fu anda y\u00fcr\u00fcrl\u00fckte. Plastik at\u0131k \u00fcreten veya i\u015fleyen \u015firketler, kritik bir karar noktas\u0131nda bulunuyor. Bu sadece bir d\u00fczenleyici ba\u015f a\u011fr\u0131s\u0131 de\u011fil; at\u0131k y\u00f6netiminin ekonomik yap\u0131s\u0131nda temel bir de\u011fi\u015fiklik sunuyor ve bu de\u011fi\u015fiklik, uyum sa\u011flamaya haz\u0131r olanlara \u00f6nemli zorluklar ve benzersiz f\u0131rsatlar sunuyor.<\/p>\n<p>G\u00fcncellenmi\u015f <a href=\"https:\/\/environment.ec.europa.eu\/topics\/waste-and-recycling\/waste-shipments_en\" target=\"_blank\">At\u0131k Ta\u015f\u0131ma Y\u00f6netmeli\u011fi<\/a> d\u0131\u015f\u0131nda OECD \u00fcyesi olmayan \u00fclkelere tehlikesiz plastik at\u0131k ihracat\u0131n\u0131 durduruyor. Bu hamle, \u00e7evresel sorumluluk te\u015fvik etmeyi ve \"at\u0131k kolonizasyonunu\" \u00f6nlemeyi ama\u00e7l\u0131yor ve Avrupa i\u015fletmelerini yerel olarak plastik at\u0131k y\u00f6netimine zorluyor. An\u0131nda sonu\u00e7lar? Potansiyel bir plastik at\u0131k fazlas\u0131, yerel geri d\u00f6n\u00fc\u015f\u00fcm tesislerinin a\u015f\u0131r\u0131 y\u00fcklenmesi ve artan at\u0131k maliyetleri. Ancak, ileri g\u00f6r\u00fc\u015fl\u00fc \u015firketler i\u00e7in bu y\u0131k\u0131m, yerinde plastik geri d\u00f6n\u00fc\u015f\u00fcm kapasiteleri yat\u0131r\u0131m\u0131 yaparak at\u0131k ak\u0131\u015flar\u0131n\u0131 kontrol alt\u0131na almak i\u00e7in a\u00e7\u0131k bir sinyaldir.<\/p>\n<h2>AB'nin Plastik At\u0131k \u0130hracat\u0131 Yasa\u011f\u0131 Anla\u015f\u0131lmas\u0131<\/h2>\n<p>2023 sonlar\u0131nda kesinle\u015fen ve a\u015famal\u0131 olarak y\u00fcr\u00fcrl\u00fc\u011fe giren AB'nin yeni kurallar\u0131, k\u00fcresel \u00e7evresel bask\u0131lara do\u011frudan bir yan\u0131t. Y\u0131llard\u0131r, AB'nin \u00f6nemli bir k\u0131sm\u0131 plastik at\u0131\u011f\u0131, i\u015fleme standartlar\u0131 genellikle daha d\u00fc\u015f\u00fck olan d\u0131\u015f\u0131nda OECD \u00fcyesi olmayan \u00fclkelere g\u00f6nderiliyordu, bu da \u00e7evresel zarara yol a\u00e7\u0131yordu. Avrupa Komisyonu, yeni yasayla at\u0131\u011f\u0131n \u00e7evresel a\u00e7\u0131dan g\u00fcvenli bir \u015fekilde i\u015flenmesini sa\u011flayaca\u011f\u0131n\u0131 belirtiyor.<\/p>\n<h3>Yeni D\u00fczenlemenin Ne De\u011fi\u015ftirdi\u011fi?<\/h3>\n<ul>\n<li><strong>D\u0131\u015f\u0131nda OECD \u00dcyesi Olmayan \u00dclkelere \u0130hracat Yasa\u011f\u0131:<\/strong> en \u00f6nemli de\u011fi\u015fiklik, plastik at\u0131\u011f\u0131n Organizasyonu i\u00e7in Ekonomik \u0130\u015fbirli\u011fi ve Kalk\u0131nma (OECD) \u00fcyesi olmayan \u00fclkelere g\u00f6nderilmesinin yasaklanmas\u0131d\u0131r. Bu, Avrupa plastik at\u0131\u011f\u0131n\u0131n bir\u00e7ok \u00f6nceki hedefini kapat\u0131yor.<\/li>\n<li><strong>OECD \u0130hracatlar\u0131 \u0130\u00e7in Daha Tutarl\u0131 Kontroller:<\/strong> OECD \u00fcyesi \u00fclkelere ihracat i\u00e7in de kurallar \u00e7ok daha kat\u0131. \u0130hracat\u00e7\u0131lar art\u0131k \u00f6nceden bildirim ve onay prosed\u00fcrlerini izlemek zorunda ve hedef tesisler, at\u0131\u011f\u0131n s\u00fcrd\u00fcr\u00fclebilir bir \u015fekilde y\u00f6netilebilece\u011fini kan\u0131tlamak i\u00e7in ba\u011f\u0131ms\u0131z denetimlere tabi tutulmal\u0131.<\/li>\n<li><strong>Uygulama Takvimi:<\/strong> D\u0131\u015f\u0131nda OECD \u00fcyesi olmayan \u00fclkelere ihracat yasa\u011f\u0131, 2,5 y\u0131ll\u0131k bir ge\u00e7i\u015f s\u00fcresine sahiptir ve i\u015fletmelere stratejilerini uyarlama f\u0131rsat\u0131 sunar.<\/li>\n<\/ul>\n<p>Bu politika, daha g\u00fc\u00e7l\u00fc yerli geri d\u00f6n\u00fc\u015f\u00fcm altyap\u0131s\u0131na olan acil ihtiyac\u0131 yarat\u0131yor. Bel\u00e7ika'daki Valipac gibi sanayi gruplar\u0131n\u0131n uyard\u0131\u011f\u0131 gibi, Avrupa'n\u0131n mevcut geri d\u00f6n\u00fc\u015f\u00fcm kapasitesi, y\u00f6nlendirilen miktar\u0131 idare edemeyebilir, potansiyel olarak pazar istikrar\u0131n\u0131 bozabilir ve plastik at\u0131k de\u011ferini d\u00fc\u015f\u00fcrebilir.<\/p>\n<div class=\"pros-cons-grid\">\n<div class=\"pros-column\">\n<h3>Eski Model: At\u0131k \u0130hracat\u0131<\/h3>\n<ul>\n<li>G\u00f6r\u00fcn\u00fc\u015fe g\u00f6re basit ve d\u00fc\u015f\u00fck maliyetli bir at\u0131k bertaraf\u0131.<\/li>\n<li>\u00c7evresel sorumluluklar\u0131 d\u0131\u015far\u0131ya devretme.<\/li>\n<li>Komple k\u00fcresel lojistik zincirine g\u00fcvenme.<\/li>\n<li>Aniden d\u00fczenleyici de\u011fi\u015fikliklere maruz kalma.<\/li>\n<\/ul>\n<\/div>\n<div class=\"cons-column\">\n<h3>Yeni Ger\u00e7eklik: Yerel \u0130\u015fleme<\/h3>\n<ul>\n<li>\u0130lk ba\u015fta ekipman yat\u0131r\u0131m\u0131 gerektirir.<\/li>\n<li>Operasyonel esneklik ve ba\u011f\u0131ms\u0131zl\u0131k yarat\u0131r.<\/li>\n<li>At\u0131\u011f\u0131 bir y\u00fckten de\u011ferli bir varl\u0131\u011fa d\u00f6n\u00fc\u015ft\u00fcr\u00fcr.<\/li>\n<li>D\u00f6ng\u00fcsel ekonomi hedeflerini ve ESG raporlamas\u0131n\u0131 destekler.<\/li>\n<\/ul>\n<\/div>\n<\/div>\n<h2>Bir Plastik Geri D\u00f6n\u00fc\u015f\u00fcm Makinesinin Bu Zorlamay\u0131 B\u00fcy\u00fck Bir F\u0131rsata D\u00f6n\u00fc\u015ft\u00fcrmesi<\/h2>\n<p>D\u00fczenleyici ortam, belirsiz g\u00f6r\u00fcnse de, yerinde geri d\u00f6n\u00fc\u015f\u00fcm\u00fcn g\u00fc\u00e7l\u00fc bir \u00e7\u00f6z\u00fcm oldu\u011funu g\u00f6steriyor. Operasyonlar\u0131n\u0131za bir <strong>plastik geri d\u00f6n\u00fc\u015f\u00fcm makinas\u0131<\/strong> ekleyerek, pazar dalgalanmalar\u0131n\u0131n kurban\u0131 olmaktan kendinize kaynak y\u00f6neticisi olmaya ge\u00e7i\u015f yapars\u0131n\u0131z. Bu stratejik de\u011fi\u015fiklik, mali, operasyonel ve \u00e7evresel a\u00e7\u0131dan etkileyici avantajlar sunar.<\/p>\n<h3>1. At\u0131k Bertaraf Maliyetlerini Dramatik Olarak Azalt\u0131n<\/h3>\n<p>Daha az ihracat se\u00e7ene\u011fiyle, \u00e7\u00f6pl\u00fck ve yakma maliyetleri artacak. Plastik at\u0131\u011f\u0131n\u0131z\u0131 yerinde i\u015flemeniz, bu \u00fccretleri tamamen ortadan kald\u0131r\u0131r. Hafif, i\u015flenmemi\u015f plastik at\u0131\u011f\u0131n ta\u015f\u0131nma maliyetleri, kendi geri d\u00f6n\u00fc\u015f\u00fcm ekipman\u0131n\u0131z\u0131 \u00e7al\u0131\u015ft\u0131rmak i\u00e7in y\u00f6netilebilir bir operasyonel maliyete d\u00f6n\u00fc\u015ft\u00fcr\u00fcl\u00fcr ve net bir, genellikle h\u0131zl\u0131 bir yat\u0131r\u0131m geri d\u00f6n\u00fc\u015f\u00fc sa\u011flar.<\/p>\n<h3>2. Yeni ve G\u00fcvenilir Bir Gelir Ak\u0131\u015f\u0131 Olu\u015fturun<\/h3>\n<p>Bir plastik geri d\u00f6n\u00fc\u015f\u00fcm makinesi sadece bir maliyeti ortadan kald\u0131rmaz; bir \u00fcr\u00fcn yarat\u0131r. Plastik at\u0131\u011f\u0131n\u0131z, bir y\u00fckten bir de\u011ferli varl\u0131\u011fa d\u00f6n\u00fc\u015febilir ve y\u00fcksek kaliteli, homojen geri d\u00f6n\u00fc\u015ft\u00fcr\u00fclm\u00fc\u015f gran\u00fcller veya flakeler (rPET, rHDPE vb.) haline getirilebilir. Bu geri d\u00f6n\u00fc\u015ft\u00fcr\u00fclm\u00fc\u015f malzeme, g\u00fc\u00e7l\u00fc ve s\u00fcrekli b\u00fcy\u00fcyen bir pazar, markalar\u0131n ambalaj ve \u00fcr\u00fcnlerinde geri d\u00f6n\u00fc\u015ft\u00fcr\u00fclm\u00fc\u015f i\u00e7eri\u011fi kullanma taahh\u00fctleriyle destekleniyor.<\/p>\n<h3>3. Tedarik Zinciriniz \u00dczerine Kontrol Kazan\u0131n<\/h3>\n<p>Geri d\u00f6n\u00fc\u015ft\u00fcr\u00fclm\u00fc\u015f plastik ham maddesiye dayanan \u015firketler, genellikle fiyat dalgalanmalar\u0131na ve tedarik eksikliklerine maruz kal\u0131yor. Kendi geri d\u00f6n\u00fc\u015ft\u00fcr\u00fclm\u00fc\u015f malzemenizi \u00fcreterek, kapal\u0131 d\u00f6ng\u00fc sistemini olu\u015fturursunuz. Kendi \u00fcretim s\u00fcre\u00e7leriniz i\u00e7in sabit bir ham madde tedariki sa\u011flars\u0131n\u0131z, i\u015fletmenizi d\u0131\u015fsal pazar \u015foklar\u0131ndan korur ve \u00fcretim s\u00fcreklili\u011fini sa\u011flar.<\/p>\n<h3>4. Kurumsal S\u00fcrd\u00fcr\u00fclebilirlik Profilinizi Art\u0131r\u0131n<\/h3>\n<p>G\u00fcn\u00fcm\u00fcz pazar\u0131nda, \u00e7evresel, sosyal ve y\u00f6neti\u015fim (ESG) performans\u0131, bir farkl\u0131la\u015ft\u0131r\u0131c\u0131 unsurdur. Kendi at\u0131\u011f\u0131n\u0131z\u0131 i\u015fleyerek d\u00f6ng\u00fcsel ekonomiye olan somut bir taahh\u00fct g\u00f6stermek, m\u00fc\u015fteriler, yat\u0131r\u0131mc\u0131lar ve payda\u015flar i\u00e7in g\u00fc\u00e7l\u00fc bir hikaye sunar. Sorumluluk g\u00f6stermeyi sergiler ve markan\u0131z\u0131 s\u00fcrd\u00fcr\u00fclebilir uygulamalardaki lider olarak konumland\u0131r\u0131r, bu da <a href=\"https:\/\/www.recyclemachine.net\/tr\/\">Rumtoo Machine<\/a>.<\/p>\n<div class=\"equipment-card\">\n<h2>ba\u011flant\u0131s\u0131nda olan taahh\u00fcd\u00fcm\u00fcz\u00fcn temel bir par\u00e7as\u0131d\u0131r.<\/h2>\n<p>\u00d6ne \u00c7\u0131kan Ekipman: Rumtoo Plastik Geri D\u00f6n\u00fc\u015f\u00fcm Makinesi Serisi<\/p>\n<a class=\"cta-button\" href=\"https:\/\/www.recyclemachine.net\/tr\/geri-donusum-makinasi\/\">End\u00fcstriyel plastik geri d\u00f6n\u00fc\u015f\u00fcm makinelerimiz, verimlilik, g\u00fcvenilirlik ve kullan\u0131m kolayl\u0131\u011f\u0131 i\u00e7in tasarlanm\u0131\u015ft\u0131r. K\u00fc\u00e7\u00fck i\u015fletmeler i\u00e7in kompakt gran\u00fclat\u00f6rlerden tam y\u0131kama ve pelletleme hatlar\u0131na kadar, plastik at\u0131\u011f\u0131n\u0131z\u0131 y\u00fcksek de\u011ferli bir kaynak haline getiren \u00e7\u00f6z\u00fcmler sunuyoruz. At\u0131k ak\u0131\u015f\u0131n\u0131z\u0131 kontrol alt\u0131na al\u0131n ve yeni k\u00e2rl\u0131l\u0131\u011f\u0131 a\u00e7\u0131\u011fa \u00e7\u0131kar\u0131n.<\/a>\n<\/div>\n<h2>Makinelerimizi Ke\u015ffedin<\/h2>\n<p>\u0130\u015fletmeniz \u0130\u00e7in Do\u011fru Plastik Geri D\u00f6n\u00fc\u015f\u00fcm Sistemi Se\u00e7imi\n<\/p><\/div>","protected":false},"excerpt":{"rendered":"<p>Teknik genel bak\u0131\u015f: AB Plastik At\u0131k \u0130hracat Yasa\u011f\u0131: Geri D\u00f6n\u00fc\u015f\u00fcm Sanayii \u0130\u00e7in Zorluklar ve \u0130kincil Etkiler. Sanayi geri d\u00f6n\u00fc\u015f\u00fcm tesisleri i\u00e7in en son m\u00fchendislik standartlar\u0131n\u0131 ve operasyonel en iyi uygulamalar\u0131 ke\u015ffedin.<\/p>","protected":false},"author":1,"featured_media":12120,"comment_status":"closed","ping_status":"open","sticky":false,"template":"","format":"standard","meta":{"footnotes":""},"categories":[100],"tags":[],"class_list":["post-8196","post","type-post","status-publish","format-standard","has-post-thumbnail","hentry","category-recycling-news"],"tsf_seo":{"title":"Plastik Geri D\u00f6n\u00fc\u015f\u00fcm Makinesi: AB At\u0131k Yasa\u011f\u0131n\u0131n \u00c7\u00f6z\u00fcm\u00fcn\u00fcz\u00fc | Rumtoo Machine","description":"Daha fazla bilgi edinin: AB Plastik At\u0131k \u0130hracat Yasa\u011f\u0131: Geri D\u00f6n\u00fc\u015f\u00fcm Sanayii \u0130\u00e7in Zorluklar ve \u0130kincil Etkiler. Kapsaml\u0131 teknik i\u00e7g\u00f6r\u00fcler ve sanayi geri d\u00f6n\u00fc\u015f\u00fcm \u00e7\u00f6z\u00fcmleri.","robots":"index, follow","canonical":"https:\/\/www.recyclemachine.net\/tr\/ab-plastik-atik-ihracat-yasaginin-zorluklari-ve-geri-donusum-endustrisine-etkileri\/","og_title":"Plastic Recycling Machine: Your Solution to the EU Waste Ban | Rumtoo Machine","og_description":"Learn more about EU Plastic Waste Export Ban: Challenges and Implications for Recycling Industry. Comprehensive technical insights and industrial recycling solu","og_image":"https:\/\/www.recyclemachine.net\/wp-content\/uploads\/2025\/01\/eu-plastic-waste-export-ban-challenges-and-implic.webp"},"_links":{"self":[{"href":"https:\/\/www.recyclemachine.net\/tr\/wp-json\/wp\/v2\/posts\/8196","targetHints":{"allow":["GET"]}}],"collection":[{"href":"https:\/\/www.recyclemachine.net\/tr\/wp-json\/wp\/v2\/posts"}],"about":[{"href":"https:\/\/www.recyclemachine.net\/tr\/wp-json\/wp\/v2\/types\/post"}],"author":[{"embeddable":true,"href":"https:\/\/www.recyclemachine.net\/tr\/wp-json\/wp\/v2\/users\/1"}],"replies":[{"embeddable":true,"href":"https:\/\/www.recyclemachine.net\/tr\/wp-json\/wp\/v2\/comments?post=8196"}],"version-history":[{"count":0,"href":"https:\/\/www.recyclemachine.net\/tr\/wp-json\/wp\/v2\/posts\/8196\/revisions"}],"wp:featuredmedia":[{"embeddable":true,"href":"https:\/\/www.recyclemachine.net\/tr\/wp-json\/wp\/v2\/media\/12120"}],"wp:attachment":[{"href":"https:\/\/www.recyclemachine.net\/tr\/wp-json\/wp\/v2\/media?parent=8196"}],"wp:term":[{"taxonomy":"category","embeddable":true,"href":"https:\/\/www.recyclemachine.net\/tr\/wp-json\/wp\/v2\/categories?post=8196"},{"taxonomy":"post_tag","embeddable":true,"href":"https:\/\/www.recyclemachine.net\/tr\/wp-json\/wp\/v2\/tags?post=8196"}],"curies":[{"name":"wp","href":"https:\/\/api.w.org\/{rel}","templated":true}]}}